{"id":36,"__str__":"Indica\u00e7\u00e3o n\u00ba 22 de 2026","metadata":{},"numero":22,"ano":2026,"numero_protocolo":null,"data_apresentacao":"2026-04-07","tipo_apresentacao":"E","data_publicacao":null,"numero_origem_externa":"","ano_origem_externa":null,"data_origem_externa":null,"apelido":"","dias_prazo":null,"data_fim_prazo":null,"em_tramitacao":true,"polemica":false,"objeto":"","complementar":false,"ementa":"O Vereador e Presidente da C\u00e2mara Municipal que subscreve, no uso de suas atribui\u00e7\u00f5es legais e regimentais, indica ao Excelent\u00edssimo Senhor Prefeito Municipal:\r\nQue\to\tPoder\tExecutivo,\tpor meio da Secretaria Municipal de Sa\u00fade, providencie a implantac\u00e3o de pontos de apoio na \u00e1rea da sa\u00fade para a realiza\u00e7\u00f5es de atendimentos b\u00e1sicos, consultas e exames, nas regi\u00f5es do Tijucal, Monte Belo, Ponte Grane, Lageado, Assentamentos Queixada e Banco da Terra.","indexacao":"","observacao":"","resultado":"","texto_original":"http://sapl.saofranciscosales.integrainteligencia.com.br/media/sapl/public/materialegislativa/2026/36/indicacao_022.pdf","data_ultima_atualizacao":"2026-04-07T10:45:31.095973-03:00","ip":"187.72.143.129","ultima_edicao":"2026-04-07T10:41:03.532255-03:00","tipo":1,"regime_tramitacao":1,"tipo_origem_externa":null,"local_origem_externa":null,"user":3,"anexadas":[],"autores":[3]}