{"id":33,"__str__":"Indica\u00e7\u00e3o n\u00ba 19 de 2026","metadata":{},"numero":19,"ano":2026,"numero_protocolo":null,"data_apresentacao":"2026-04-07","tipo_apresentacao":"E","data_publicacao":null,"numero_origem_externa":"","ano_origem_externa":null,"data_origem_externa":null,"apelido":"","dias_prazo":null,"data_fim_prazo":null,"em_tramitacao":true,"polemica":false,"objeto":"","complementar":false,"ementa":"A Vereadora que esta subscreve, no uso de suas atribui\u00e7\u00f5es legais, vem, respeitosamente, indicar ao Excelent\u00edssimo Senhor Prefeito Municipal que seja determinada, na regi\u00e3o da Prainha Porto Brasil, uma \u00e1rea destinada \u00e0 pr\u00e1tica de camping, com a devida estrutura e organiza\u00e7\u00e3o.","indexacao":"","observacao":"","resultado":"","texto_original":"http://sapl.saofranciscosales.integrainteligencia.com.br/media/sapl/public/materialegislativa/2026/33/indicacao_019.pdf","data_ultima_atualizacao":"2026-04-07T10:29:55.559532-03:00","ip":"187.72.143.129","ultima_edicao":"2026-04-07T10:24:21.327330-03:00","tipo":1,"regime_tramitacao":1,"tipo_origem_externa":null,"local_origem_externa":null,"user":3,"anexadas":[],"autores":[8]}