{"id":29,"__str__":"Indica\u00e7\u00e3o n\u00ba 15 de 2026","metadata":{},"numero":15,"ano":2026,"numero_protocolo":null,"data_apresentacao":"2026-04-07","tipo_apresentacao":"E","data_publicacao":null,"numero_origem_externa":"","ano_origem_externa":null,"data_origem_externa":null,"apelido":"","dias_prazo":null,"data_fim_prazo":null,"em_tramitacao":true,"polemica":false,"objeto":"","complementar":false,"ementa":"O Vereador e Presidente da C\u00e2mara Municipal que subscreve, no uso de suas atribui\u00e7\u00f5es legais e regimentais, indica ao Excelent\u00edssimo Senhor Prefeito Municipal:\r\nQue o Poder Executivo, por meio da Secretaria Municipal de Sa\u00fade, providencie 0 FORNECIMENTO DE CAF\u00c9 DA MANH\u00c3 OU KIT DE ALIMENTA\u00c7\u00c3O\r\nAOS PACIENTES do munic\u00edpio, que s\u00e3o transportados para tratamento de sa\u00fade em centros de refer\u00eancia de maior complexidade.","indexacao":"","observacao":"","resultado":"","texto_original":"http://sapl.saofranciscosales.integrainteligencia.com.br/media/sapl/public/materialegislativa/2026/29/indicacao_015.pdf","data_ultima_atualizacao":"2026-04-07T09:57:38.443151-03:00","ip":"187.72.143.129","ultima_edicao":"2026-04-07T09:53:08.404045-03:00","tipo":1,"regime_tramitacao":1,"tipo_origem_externa":null,"local_origem_externa":null,"user":3,"anexadas":[],"autores":[3]}