{"id":21,"__str__":"Projeto de Lei Ordin\u00e1ria n\u00ba 9 de 2026","metadata":{},"numero":9,"ano":2026,"numero_protocolo":null,"data_apresentacao":"2026-03-17","tipo_apresentacao":"E","data_publicacao":null,"numero_origem_externa":"","ano_origem_externa":null,"data_origem_externa":null,"apelido":"","dias_prazo":null,"data_fim_prazo":null,"em_tramitacao":true,"polemica":false,"objeto":"","complementar":false,"ementa":"PROJETO DE LEI N\u00b0 009/2026 \u2013 Autoria da Mesa Diretora. Abre Cr\u00e9dito Suplementar e Anula Parcialmente dota\u00e7\u00e3o no valor de R$120.000,00 (Cento e Vinte Mil Reais), no or\u00e7amento da C\u00e2mara Municipal de S\u00e3o Francisco de Sales \u2013 Minas Gerais, no exerc\u00edcio de 2.026.","indexacao":"","observacao":"","resultado":"","texto_original":"http://sapl.saofranciscosales.integrainteligencia.com.br/media/sapl/public/materialegislativa/2026/21/projeto_de_lei__cm___no_009.2026.pdf","data_ultima_atualizacao":"2026-03-17T16:49:34.331110-03:00","ip":"179.84.159.151","ultima_edicao":"2026-03-17T16:49:34.318159-03:00","tipo":7,"regime_tramitacao":1,"tipo_origem_externa":null,"local_origem_externa":null,"user":2,"anexadas":[],"autores":[12]}