{"id":12,"__str__":"Requerimento n\u00ba 8 de 2026","metadata":{},"numero":8,"ano":2026,"numero_protocolo":null,"data_apresentacao":"2026-03-02","tipo_apresentacao":"E","data_publicacao":null,"numero_origem_externa":"","ano_origem_externa":null,"data_origem_externa":null,"apelido":"","dias_prazo":null,"data_fim_prazo":null,"em_tramitacao":true,"polemica":false,"objeto":"","complementar":false,"ementa":"Autoria dos Vereadores Francilaine Campos Barbosa e Graziela dos Santos Queiroz. Requerem ao Excelent\u00edssimo Senhor Presidente, informa\u00e7\u00f5es detalhadas acerca da destina\u00e7\u00e3o e aplica\u00e7\u00e3o da verba devolvida pela C\u00e2mara Municipal ao Executivo em 31 de dezembro de 2025.","indexacao":"","observacao":"","resultado":"","texto_original":null,"data_ultima_atualizacao":"2026-03-03T16:05:39.866526-03:00","ip":"187.72.143.129","ultima_edicao":"2026-03-03T16:02:56.527699-03:00","tipo":10,"regime_tramitacao":1,"tipo_origem_externa":null,"local_origem_externa":null,"user":3,"anexadas":[],"autores":[7,8]}